{"id":1946,"date":"2025-09-25T23:10:42","date_gmt":"2025-09-25T21:10:42","guid":{"rendered":"https:\/\/vwtuinplanten.nl\/?post_type=news&#038;p=1946"},"modified":"2025-12-01T17:03:24","modified_gmt":"2025-12-01T16:03:24","slug":"sterke-start-richting-2026","status":"publish","type":"news","link":"https:\/\/vwtuinplanten.nl\/sv\/blog\/news\/sterke-start-richting-2026\/","title":{"rendered":"Stark start mot 2026"},"content":{"rendered":"<p data-start=\"136\" data-end=\"337\">Vi blickar inte bara fram\u00e5t, utan tar ocks\u00e5 tid att uppskatta de fina \u00f6gonblicken l\u00e4ngs v\u00e4gen.<br data-start=\"230\" data-end=\"233\" \/>D\u00e4rf\u00f6r s\u00e4tter vi g\u00e4rna v\u00e5ra landodlade perenner, noggrant odlade av familjen Colenbrander, i rampljuset.<br \/>\nDessa f\u00e4lt g\u00f6r oss b\u00e5de stolta och trygga f\u00f6r med s\u00e5 starka och friska plantor l\u00e4gger vi grunden f\u00f6r en stabil start p\u00e5 den nya s\u00e4songen.<\/p>\n<p data-start=\"482\" data-end=\"794\">V\u00e5rt tack g\u00e5r till familjen Colenbrander, som med skicklighet och engagemang skapar detta fina resultat.<br data-start=\"586\" data-end=\"589\" \/>Samarbetet med partners som dem \u00e4r ov\u00e4rderligt f\u00f6r oss.<br data-start=\"644\" data-end=\"647\" \/>Det visar att kvalitet b\u00f6rjar vid k\u00e4llan, och att vi tillsammans bygger vidare mot det som 2026 lovar att bli: ett \u00e5r fyllt av tillv\u00e4xt och styrka.<\/p>\n<p data-start=\"796\" data-end=\"912\">Hos Van Woudenberg Tuinplanten tror vi att en bra start \u00e4r halva arbetet, och den starten har vi nu tydligt lagt.<\/p>\n","protected":false},"featured_media":1947,"template":"","class_list":["post-1946","news","type-news","status-publish","has-post-thumbnail","hentry","entry"],"acf":[],"_links":{"self":[{"href":"https:\/\/vwtuinplanten.nl\/sv\/wp-json\/wp\/v2\/news\/1946","targetHints":{"allow":["GET"]}}],"collection":[{"href":"https:\/\/vwtuinplanten.nl\/sv\/wp-json\/wp\/v2\/news"}],"about":[{"href":"https:\/\/vwtuinplanten.nl\/sv\/wp-json\/wp\/v2\/types\/news"}],"wp:featuredmedia":[{"embeddable":true,"href":"https:\/\/vwtuinplanten.nl\/sv\/wp-json\/wp\/v2\/media\/1947"}],"wp:attachment":[{"href":"https:\/\/vwtuinplanten.nl\/sv\/wp-json\/wp\/v2\/media?parent=1946"}],"curies":[{"name":"wp","href":"https:\/\/api.w.org\/{rel}","templated":true}]}}